{"id":30481,"date":"2025-04-07T16:24:11","date_gmt":"2025-04-07T14:24:11","guid":{"rendered":"https:\/\/glaciersalive.ch\/?p=30481"},"modified":"2025-04-07T16:26:15","modified_gmt":"2025-04-07T14:26:15","slug":"ice-stupa-festival-und-filmvorfuehrung-ma-bella-val","status":"publish","type":"post","link":"https:\/\/glaciersalive.ch\/en\/ice-stupa-festival-und-filmvorfuehrung-ma-bella-val\/","title":{"rendered":"Ice Stupa Festival and film screening Ma bella Val"},"content":{"rendered":"<p>[et_pb_section fb_built=&#8220;1&#8243; _builder_version=&#8220;4.27.4&#8243; _module_preset=&#8220;default&#8220; global_colors_info=&#8220;{}&#8220;][et_pb_row _builder_version=&#8220;4.27.4&#8243; _module_preset=&#8220;default&#8220; custom_margin=&#8220;-70px|auto||auto||&#8220; global_colors_info=&#8220;{}&#8220;][et_pb_column type=&#8220;4_4&#8243; _builder_version=&#8220;4.27.4&#8243; _module_preset=&#8220;default&#8220; global_colors_info=&#8220;{}&#8220;][et_pb_text _builder_version=&#8220;4.27.4&#8243; _module_preset=&#8220;default&#8220; text_orientation=&#8220;justified&#8220; global_colors_info=&#8220;{}&#8220;]<\/p>\n<p><strong>Besichtigung des Ice Stupas mit Filmvorf\u00fchrung<\/strong><\/p>\n<p><span style=\"font-weight: 400;\">Am Samstagabend fand die Filmvorf\u00fchrung von \u201eMa bella Val Vadret da Roseg\u201c statt, gefolgt von einer Besichtigung des Ice Stupa mit Felix Keller. Der Film zeigte den rund 30 Teilnehmenden die Sch\u00f6nheit der Gletscher. Er zeigt sowohl das Abschmelzen der Gletscher, das im Berninamassiv mit innovativen L\u00f6sungen intensiv erforscht wird, als auch die Engadiner Kultur, den Tourismus und den Skisport.\u00a0<\/span><\/p>\n<p><span style=\"font-weight: 400;\">Anschliessend konnten die Teilnehmenden den Ice Stupa von aussen und innen besichtigen. Besonders sch\u00f6n ist der Ice Stupa bei Nacht, wenn er beleuchtet ist.<\/span><\/p>\n<p>[\/et_pb_text][\/et_pb_column][\/et_pb_row][et_pb_row column_structure=&#8220;1_4,1_4,1_4,1_4&#8243; _builder_version=&#8220;4.27.4&#8243; _module_preset=&#8220;default&#8220; global_colors_info=&#8220;{}&#8220;][et_pb_column type=&#8220;1_4&#8243; _builder_version=&#8220;4.27.4&#8243; _module_preset=&#8220;default&#8220; global_colors_info=&#8220;{}&#8220;][et_pb_image src=&#8220;https:\/\/glaciersalive.ch\/wp-content\/uploads\/2025\/04\/488565577_2365576303800808_5418132276741143996_n.jpg&#8220; title_text=&#8220;488565577_2365576303800808_5418132276741143996_n&#8220; _builder_version=&#8220;4.27.4&#8243; _module_preset=&#8220;default&#8220; global_colors_info=&#8220;{}&#8220;][\/et_pb_image][\/et_pb_column][et_pb_column type=&#8220;1_4&#8243; _builder_version=&#8220;4.27.4&#8243; _module_preset=&#8220;default&#8220; global_colors_info=&#8220;{}&#8220;][et_pb_image src=&#8220;https:\/\/glaciersalive.ch\/wp-content\/uploads\/2025\/04\/Ice-Stupa.jpg&#8220; title_text=&#8220;Ice Stupa&#8220; _builder_version=&#8220;4.27.4&#8243; _module_preset=&#8220;default&#8220; global_colors_info=&#8220;{}&#8220;][\/et_pb_image][\/et_pb_column][et_pb_column type=&#8220;1_4&#8243; _builder_version=&#8220;4.27.4&#8243; _module_preset=&#8220;default&#8220; global_colors_info=&#8220;{}&#8220;][et_pb_image src=&#8220;https:\/\/glaciersalive.ch\/wp-content\/uploads\/2025\/04\/Ice-Stupa-Besichtigung.jpg&#8220; title_text=&#8220;Ice Stupa Besichtigung&#8220; _builder_version=&#8220;4.27.4&#8243; _module_preset=&#8220;default&#8220; global_colors_info=&#8220;{}&#8220;][\/et_pb_image][\/et_pb_column][et_pb_column type=&#8220;1_4&#8243; _builder_version=&#8220;4.27.4&#8243; _module_preset=&#8220;default&#8220; global_colors_info=&#8220;{}&#8220;][et_pb_image src=&#8220;https:\/\/glaciersalive.ch\/wp-content\/uploads\/2025\/04\/Ice.jpg&#8220; title_text=&#8220;Ice&#8220; _builder_version=&#8220;4.27.4&#8243; _module_preset=&#8220;default&#8220; global_colors_info=&#8220;{}&#8220;][\/et_pb_image][\/et_pb_column][\/et_pb_row][\/et_pb_section]<\/p>\n","protected":false},"excerpt":{"rendered":"<p>Besichtigung des Ice Stupas mit Filmvorf\u00fchrung Am Samstagabend fand die Filmvorf\u00fchrung von \u201eMa bella Val Vadret da Roseg\u201c statt, gefolgt von einer Besichtigung des Ice Stupa mit Felix Keller. Der Film zeigte den rund 30 Teilnehmenden die Sch\u00f6nheit der Gletscher. Er zeigt sowohl das Abschmelzen der Gletscher, das im Berninamassiv mit innovativen L\u00f6sungen intensiv erforscht [&hellip;]<\/p>\n","protected":false},"author":1,"featured_media":30361,"comment_status":"open","ping_status":"open","sticky":false,"template":"","format":"standard","meta":{"give_campaign_id":0,"_et_pb_use_builder":"on","_et_pb_old_content":"","_et_gb_content_width":"","footnotes":""},"categories":[1,11,12],"tags":[],"class_list":["post-30481","post","type-post","status-publish","format-standard","has-post-thumbnail","hentry","category-allgemein","category-events","category-ice-stupas"],"yoast_head":"<!-- This site is optimized with the Yoast SEO plugin v27.1.1 - https:\/\/yoast.com\/product\/yoast-seo-wordpress\/ -->\n<title>Ice Stupa Festival und Filmvorf\u00fchrung Ma bella Val | GlaciersAlive<\/title>\n<meta name=\"robots\" content=\"index, follow, max-snippet:-1, max-image-preview:large, max-video-preview:-1\" \/>\n<link rel=\"canonical\" href=\"https:\/\/glaciersalive.ch\/en\/ice-stupa-festival-und-filmvorfuehrung-ma-bella-val\/\" \/>\n<meta property=\"og:locale\" content=\"en_US\" \/>\n<meta property=\"og:type\" content=\"article\" \/>\n<meta property=\"og:title\" content=\"Ice Stupa Festival und Filmvorf\u00fchrung Ma bella Val | GlaciersAlive\" \/>\n<meta property=\"og:description\" content=\"Besichtigung des Ice Stupas mit Filmvorf\u00fchrung Am Samstagabend fand die Filmvorf\u00fchrung von \u201eMa bella Val Vadret da Roseg\u201c statt, gefolgt von einer Besichtigung des Ice Stupa mit Felix Keller. Der Film zeigte den rund 30 Teilnehmenden die Sch\u00f6nheit der Gletscher. Er zeigt sowohl das Abschmelzen der Gletscher, das im Berninamassiv mit innovativen L\u00f6sungen intensiv erforscht [&hellip;]\" \/>\n<meta property=\"og:url\" content=\"https:\/\/glaciersalive.ch\/en\/ice-stupa-festival-und-filmvorfuehrung-ma-bella-val\/\" \/>\n<meta property=\"og:site_name\" content=\"GlaciersAlive\" \/>\n<meta property=\"article:publisher\" content=\"https:\/\/www.facebook.com\/GlaciersAlive\" \/>\n<meta property=\"article:published_time\" content=\"2025-04-07T14:24:11+00:00\" \/>\n<meta property=\"article:modified_time\" content=\"2025-04-07T14:26:15+00:00\" \/>\n<meta property=\"og:image\" content=\"https:\/\/glaciersalive.ch\/wp-content\/uploads\/2025\/03\/ice-8-scaled.jpg\" \/>\n\t<meta property=\"og:image:width\" content=\"2560\" \/>\n\t<meta property=\"og:image:height\" content=\"1920\" \/>\n\t<meta property=\"og:image:type\" content=\"image\/jpeg\" \/>\n<meta name=\"author\" content=\"admin92\" \/>\n<meta name=\"twitter:card\" content=\"summary_large_image\" \/>\n<meta name=\"twitter:label1\" content=\"Written by\" \/>\n\t<meta name=\"twitter:data1\" content=\"admin92\" \/>\n\t<meta name=\"twitter:label2\" content=\"Est. reading time\" \/>\n\t<meta name=\"twitter:data2\" content=\"2 minutes\" \/>\n<script type=\"application\/ld+json\" class=\"yoast-schema-graph\">{\"@context\":\"https:\/\/schema.org\",\"@graph\":[{\"@type\":\"Article\",\"@id\":\"https:\/\/glaciersalive.ch\/ice-stupa-festival-und-filmvorfuehrung-ma-bella-val\/#article\",\"isPartOf\":{\"@id\":\"https:\/\/glaciersalive.ch\/ice-stupa-festival-und-filmvorfuehrung-ma-bella-val\/\"},\"author\":{\"name\":\"admin92\",\"@id\":\"https:\/\/glaciersalive.ch\/#\/schema\/person\/67bfc74c749a0eb68ea42d6acd80eda8\"},\"headline\":\"Ice Stupa Festival und Filmvorf\u00fchrung Ma bella Val\",\"datePublished\":\"2025-04-07T14:24:11+00:00\",\"dateModified\":\"2025-04-07T14:26:15+00:00\",\"mainEntityOfPage\":{\"@id\":\"https:\/\/glaciersalive.ch\/ice-stupa-festival-und-filmvorfuehrung-ma-bella-val\/\"},\"wordCount\":350,\"commentCount\":0,\"publisher\":{\"@id\":\"https:\/\/glaciersalive.ch\/#organization\"},\"image\":{\"@id\":\"https:\/\/glaciersalive.ch\/ice-stupa-festival-und-filmvorfuehrung-ma-bella-val\/#primaryimage\"},\"thumbnailUrl\":\"https:\/\/glaciersalive.ch\/wp-content\/uploads\/2025\/03\/ice-8-scaled.jpg\",\"articleSection\":[\"Allgemein\",\"Events\",\"Ice Stupas\"],\"inLanguage\":\"en-US\",\"potentialAction\":[{\"@type\":\"CommentAction\",\"name\":\"Comment\",\"target\":[\"https:\/\/glaciersalive.ch\/ice-stupa-festival-und-filmvorfuehrung-ma-bella-val\/#respond\"]}]},{\"@type\":\"WebPage\",\"@id\":\"https:\/\/glaciersalive.ch\/ice-stupa-festival-und-filmvorfuehrung-ma-bella-val\/\",\"url\":\"https:\/\/glaciersalive.ch\/ice-stupa-festival-und-filmvorfuehrung-ma-bella-val\/\",\"name\":\"Ice Stupa Festival und Filmvorf\u00fchrung Ma bella Val | GlaciersAlive\",\"isPartOf\":{\"@id\":\"https:\/\/glaciersalive.ch\/#website\"},\"primaryImageOfPage\":{\"@id\":\"https:\/\/glaciersalive.ch\/ice-stupa-festival-und-filmvorfuehrung-ma-bella-val\/#primaryimage\"},\"image\":{\"@id\":\"https:\/\/glaciersalive.ch\/ice-stupa-festival-und-filmvorfuehrung-ma-bella-val\/#primaryimage\"},\"thumbnailUrl\":\"https:\/\/glaciersalive.ch\/wp-content\/uploads\/2025\/03\/ice-8-scaled.jpg\",\"datePublished\":\"2025-04-07T14:24:11+00:00\",\"dateModified\":\"2025-04-07T14:26:15+00:00\",\"breadcrumb\":{\"@id\":\"https:\/\/glaciersalive.ch\/ice-stupa-festival-und-filmvorfuehrung-ma-bella-val\/#breadcrumb\"},\"inLanguage\":\"en-US\",\"potentialAction\":[{\"@type\":\"ReadAction\",\"target\":[\"https:\/\/glaciersalive.ch\/ice-stupa-festival-und-filmvorfuehrung-ma-bella-val\/\"]}]},{\"@type\":\"ImageObject\",\"inLanguage\":\"en-US\",\"@id\":\"https:\/\/glaciersalive.ch\/ice-stupa-festival-und-filmvorfuehrung-ma-bella-val\/#primaryimage\",\"url\":\"https:\/\/glaciersalive.ch\/wp-content\/uploads\/2025\/03\/ice-8-scaled.jpg\",\"contentUrl\":\"https:\/\/glaciersalive.ch\/wp-content\/uploads\/2025\/03\/ice-8-scaled.jpg\",\"width\":2560,\"height\":1920,\"caption\":\"Ice Stupa\"},{\"@type\":\"BreadcrumbList\",\"@id\":\"https:\/\/glaciersalive.ch\/ice-stupa-festival-und-filmvorfuehrung-ma-bella-val\/#breadcrumb\",\"itemListElement\":[{\"@type\":\"ListItem\",\"position\":1,\"name\":\"Startseite\",\"item\":\"https:\/\/glaciersalive.ch\/\"},{\"@type\":\"ListItem\",\"position\":2,\"name\":\"Ice Stupa Festival und Filmvorf\u00fchrung Ma bella Val\"}]},{\"@type\":\"WebSite\",\"@id\":\"https:\/\/glaciersalive.ch\/#website\",\"url\":\"https:\/\/glaciersalive.ch\/\",\"name\":\"GlaciersAlive\",\"description\":\"Gletscherpflege f\u00fcr die nachhaltigen Sicherung der Wasserversorgung in Gebirgsregionen.\",\"publisher\":{\"@id\":\"https:\/\/glaciersalive.ch\/#organization\"},\"potentialAction\":[{\"@type\":\"SearchAction\",\"target\":{\"@type\":\"EntryPoint\",\"urlTemplate\":\"https:\/\/glaciersalive.ch\/?s={search_term_string}\"},\"query-input\":{\"@type\":\"PropertyValueSpecification\",\"valueRequired\":true,\"valueName\":\"search_term_string\"}}],\"inLanguage\":\"en-US\"},{\"@type\":\"Organization\",\"@id\":\"https:\/\/glaciersalive.ch\/#organization\",\"name\":\"GlaciersAlive\",\"url\":\"https:\/\/glaciersalive.ch\/\",\"logo\":{\"@type\":\"ImageObject\",\"inLanguage\":\"en-US\",\"@id\":\"https:\/\/glaciersalive.ch\/#\/schema\/logo\/image\/\",\"url\":\"https:\/\/glaciersalive.ch\/wp-content\/uploads\/2025\/12\/GlaciersAlivelogo.jpg\",\"contentUrl\":\"https:\/\/glaciersalive.ch\/wp-content\/uploads\/2025\/12\/GlaciersAlivelogo.jpg\",\"width\":1091,\"height\":1031,\"caption\":\"GlaciersAlive\"},\"image\":{\"@id\":\"https:\/\/glaciersalive.ch\/#\/schema\/logo\/image\/\"},\"sameAs\":[\"https:\/\/www.facebook.com\/GlaciersAlive\",\"https:\/\/www.instagram.com\/glaciers_alive\/\"]},{\"@type\":\"Person\",\"@id\":\"https:\/\/glaciersalive.ch\/#\/schema\/person\/67bfc74c749a0eb68ea42d6acd80eda8\",\"name\":\"admin92\",\"image\":{\"@type\":\"ImageObject\",\"inLanguage\":\"en-US\",\"@id\":\"https:\/\/glaciersalive.ch\/#\/schema\/person\/image\/\",\"url\":\"https:\/\/secure.gravatar.com\/avatar\/6c38a62567b570122238e649c273e5721746425e53355e63a336da597a985a3f?s=96&d=mm&r=g\",\"contentUrl\":\"https:\/\/secure.gravatar.com\/avatar\/6c38a62567b570122238e649c273e5721746425e53355e63a336da597a985a3f?s=96&d=mm&r=g\",\"caption\":\"admin92\"}}]}<\/script>\n<!-- \/ Yoast SEO plugin. -->","yoast_head_json":{"title":"Ice Stupa Festival und Filmvorf\u00fchrung Ma bella Val | GlaciersAlive","robots":{"index":"index","follow":"follow","max-snippet":"max-snippet:-1","max-image-preview":"max-image-preview:large","max-video-preview":"max-video-preview:-1"},"canonical":"https:\/\/glaciersalive.ch\/en\/ice-stupa-festival-und-filmvorfuehrung-ma-bella-val\/","og_locale":"en_US","og_type":"article","og_title":"Ice Stupa Festival und Filmvorf\u00fchrung Ma bella Val | GlaciersAlive","og_description":"Besichtigung des Ice Stupas mit Filmvorf\u00fchrung Am Samstagabend fand die Filmvorf\u00fchrung von \u201eMa bella Val Vadret da Roseg\u201c statt, gefolgt von einer Besichtigung des Ice Stupa mit Felix Keller. Der Film zeigte den rund 30 Teilnehmenden die Sch\u00f6nheit der Gletscher. Er zeigt sowohl das Abschmelzen der Gletscher, das im Berninamassiv mit innovativen L\u00f6sungen intensiv erforscht [&hellip;]","og_url":"https:\/\/glaciersalive.ch\/en\/ice-stupa-festival-und-filmvorfuehrung-ma-bella-val\/","og_site_name":"GlaciersAlive","article_publisher":"https:\/\/www.facebook.com\/GlaciersAlive","article_published_time":"2025-04-07T14:24:11+00:00","article_modified_time":"2025-04-07T14:26:15+00:00","og_image":[{"width":2560,"height":1920,"url":"https:\/\/glaciersalive.ch\/wp-content\/uploads\/2025\/03\/ice-8-scaled.jpg","type":"image\/jpeg"}],"author":"admin92","twitter_card":"summary_large_image","twitter_misc":{"Written by":"admin92","Est. reading time":"2 minutes"},"schema":{"@context":"https:\/\/schema.org","@graph":[{"@type":"Article","@id":"https:\/\/glaciersalive.ch\/ice-stupa-festival-und-filmvorfuehrung-ma-bella-val\/#article","isPartOf":{"@id":"https:\/\/glaciersalive.ch\/ice-stupa-festival-und-filmvorfuehrung-ma-bella-val\/"},"author":{"name":"admin92","@id":"https:\/\/glaciersalive.ch\/#\/schema\/person\/67bfc74c749a0eb68ea42d6acd80eda8"},"headline":"Ice Stupa Festival und Filmvorf\u00fchrung Ma bella Val","datePublished":"2025-04-07T14:24:11+00:00","dateModified":"2025-04-07T14:26:15+00:00","mainEntityOfPage":{"@id":"https:\/\/glaciersalive.ch\/ice-stupa-festival-und-filmvorfuehrung-ma-bella-val\/"},"wordCount":350,"commentCount":0,"publisher":{"@id":"https:\/\/glaciersalive.ch\/#organization"},"image":{"@id":"https:\/\/glaciersalive.ch\/ice-stupa-festival-und-filmvorfuehrung-ma-bella-val\/#primaryimage"},"thumbnailUrl":"https:\/\/glaciersalive.ch\/wp-content\/uploads\/2025\/03\/ice-8-scaled.jpg","articleSection":["Allgemein","Events","Ice Stupas"],"inLanguage":"en-US","potentialAction":[{"@type":"CommentAction","name":"Comment","target":["https:\/\/glaciersalive.ch\/ice-stupa-festival-und-filmvorfuehrung-ma-bella-val\/#respond"]}]},{"@type":"WebPage","@id":"https:\/\/glaciersalive.ch\/ice-stupa-festival-und-filmvorfuehrung-ma-bella-val\/","url":"https:\/\/glaciersalive.ch\/ice-stupa-festival-und-filmvorfuehrung-ma-bella-val\/","name":"Ice Stupa Festival und Filmvorf\u00fchrung Ma bella Val | GlaciersAlive","isPartOf":{"@id":"https:\/\/glaciersalive.ch\/#website"},"primaryImageOfPage":{"@id":"https:\/\/glaciersalive.ch\/ice-stupa-festival-und-filmvorfuehrung-ma-bella-val\/#primaryimage"},"image":{"@id":"https:\/\/glaciersalive.ch\/ice-stupa-festival-und-filmvorfuehrung-ma-bella-val\/#primaryimage"},"thumbnailUrl":"https:\/\/glaciersalive.ch\/wp-content\/uploads\/2025\/03\/ice-8-scaled.jpg","datePublished":"2025-04-07T14:24:11+00:00","dateModified":"2025-04-07T14:26:15+00:00","breadcrumb":{"@id":"https:\/\/glaciersalive.ch\/ice-stupa-festival-und-filmvorfuehrung-ma-bella-val\/#breadcrumb"},"inLanguage":"en-US","potentialAction":[{"@type":"ReadAction","target":["https:\/\/glaciersalive.ch\/ice-stupa-festival-und-filmvorfuehrung-ma-bella-val\/"]}]},{"@type":"ImageObject","inLanguage":"en-US","@id":"https:\/\/glaciersalive.ch\/ice-stupa-festival-und-filmvorfuehrung-ma-bella-val\/#primaryimage","url":"https:\/\/glaciersalive.ch\/wp-content\/uploads\/2025\/03\/ice-8-scaled.jpg","contentUrl":"https:\/\/glaciersalive.ch\/wp-content\/uploads\/2025\/03\/ice-8-scaled.jpg","width":2560,"height":1920,"caption":"Ice Stupa"},{"@type":"BreadcrumbList","@id":"https:\/\/glaciersalive.ch\/ice-stupa-festival-und-filmvorfuehrung-ma-bella-val\/#breadcrumb","itemListElement":[{"@type":"ListItem","position":1,"name":"Startseite","item":"https:\/\/glaciersalive.ch\/"},{"@type":"ListItem","position":2,"name":"Ice Stupa Festival und Filmvorf\u00fchrung Ma bella Val"}]},{"@type":"WebSite","@id":"https:\/\/glaciersalive.ch\/#website","url":"https:\/\/glaciersalive.ch\/","name":"GlaciersAlive","description":"Gletscherpflege f\u00fcr die nachhaltigen Sicherung der Wasserversorgung in Gebirgsregionen.","publisher":{"@id":"https:\/\/glaciersalive.ch\/#organization"},"potentialAction":[{"@type":"SearchAction","target":{"@type":"EntryPoint","urlTemplate":"https:\/\/glaciersalive.ch\/?s={search_term_string}"},"query-input":{"@type":"PropertyValueSpecification","valueRequired":true,"valueName":"search_term_string"}}],"inLanguage":"en-US"},{"@type":"Organization","@id":"https:\/\/glaciersalive.ch\/#organization","name":"GlaciersAlive","url":"https:\/\/glaciersalive.ch\/","logo":{"@type":"ImageObject","inLanguage":"en-US","@id":"https:\/\/glaciersalive.ch\/#\/schema\/logo\/image\/","url":"https:\/\/glaciersalive.ch\/wp-content\/uploads\/2025\/12\/GlaciersAlivelogo.jpg","contentUrl":"https:\/\/glaciersalive.ch\/wp-content\/uploads\/2025\/12\/GlaciersAlivelogo.jpg","width":1091,"height":1031,"caption":"GlaciersAlive"},"image":{"@id":"https:\/\/glaciersalive.ch\/#\/schema\/logo\/image\/"},"sameAs":["https:\/\/www.facebook.com\/GlaciersAlive","https:\/\/www.instagram.com\/glaciers_alive\/"]},{"@type":"Person","@id":"https:\/\/glaciersalive.ch\/#\/schema\/person\/67bfc74c749a0eb68ea42d6acd80eda8","name":"admin92","image":{"@type":"ImageObject","inLanguage":"en-US","@id":"https:\/\/glaciersalive.ch\/#\/schema\/person\/image\/","url":"https:\/\/secure.gravatar.com\/avatar\/6c38a62567b570122238e649c273e5721746425e53355e63a336da597a985a3f?s=96&d=mm&r=g","contentUrl":"https:\/\/secure.gravatar.com\/avatar\/6c38a62567b570122238e649c273e5721746425e53355e63a336da597a985a3f?s=96&d=mm&r=g","caption":"admin92"}}]}},"_links":{"self":[{"href":"https:\/\/glaciersalive.ch\/en\/wp-json\/wp\/v2\/posts\/30481","targetHints":{"allow":["GET"]}}],"collection":[{"href":"https:\/\/glaciersalive.ch\/en\/wp-json\/wp\/v2\/posts"}],"about":[{"href":"https:\/\/glaciersalive.ch\/en\/wp-json\/wp\/v2\/types\/post"}],"author":[{"embeddable":true,"href":"https:\/\/glaciersalive.ch\/en\/wp-json\/wp\/v2\/users\/1"}],"replies":[{"embeddable":true,"href":"https:\/\/glaciersalive.ch\/en\/wp-json\/wp\/v2\/comments?post=30481"}],"version-history":[{"count":3,"href":"https:\/\/glaciersalive.ch\/en\/wp-json\/wp\/v2\/posts\/30481\/revisions"}],"predecessor-version":[{"id":30491,"href":"https:\/\/glaciersalive.ch\/en\/wp-json\/wp\/v2\/posts\/30481\/revisions\/30491"}],"wp:featuredmedia":[{"embeddable":true,"href":"https:\/\/glaciersalive.ch\/en\/wp-json\/wp\/v2\/media\/30361"}],"wp:attachment":[{"href":"https:\/\/glaciersalive.ch\/en\/wp-json\/wp\/v2\/media?parent=30481"}],"wp:term":[{"taxonomy":"category","embeddable":true,"href":"https:\/\/glaciersalive.ch\/en\/wp-json\/wp\/v2\/categories?post=30481"},{"taxonomy":"post_tag","embeddable":true,"href":"https:\/\/glaciersalive.ch\/en\/wp-json\/wp\/v2\/tags?post=30481"}],"curies":[{"name":"wp","href":"https:\/\/api.w.org\/{rel}","templated":true}]}}